{"id":802,"date":"2026-08-29T09:36:58","date_gmt":"2026-08-29T07:36:58","guid":{"rendered":"https:\/\/jacno04.fr\/?p=802"},"modified":"2026-08-30T12:48:27","modified_gmt":"2026-08-30T10:48:27","slug":"rouyn-noranda","status":"publish","type":"post","link":"https:\/\/jacno04.fr\/index.php\/2026\/08\/29\/rouyn-noranda\/","title":{"rendered":"Rouyn-Noranda"},"content":{"rendered":"\n<h4 class=\"wp-block-heading has-vivid-cyan-blue-color has-text-color has-link-color has-medium-font-size wp-elements-1\">Mercredi 26 ao\u00fbt 2026<\/h4>\n\n\n\n<p class=\"wp-block-paragraph\">D&rsquo;apr\u00e8s Wikipedia : \u00ab\u00a0<strong>Rouyn-Noranda<\/strong> est le chef-lieu de la r\u00e9gion administrative de l&rsquo;<strong>Abitibi-T\u00e9miscamingue<\/strong> au nord-ouest du Qu\u00e9bec.<\/p>\n\n\n\n<p class=\"wp-block-paragraph\">Trajet d&rsquo;un peu plus de 9 heures avec 2 pauses d&rsquo;une demie heure. Pas de changement de chauffeur, c&rsquo;est la m\u00eame personne qui a conduit toute la journ\u00e9e. A Rouyn-Noranda, nous avons retrouv\u00e9 notre ami Claude. Notre derni\u00e8re rencontre date de 2015 lorsque que Claude et Lorraine nous avaient rendu visite en France.<\/p>\n\n\n\n<figure class=\"wp-block-image size-large\"><img loading=\"lazy\" decoding=\"async\" width=\"1024\" height=\"576\" src=\"https:\/\/jacno04.fr\/wp-content\/uploads\/2026\/08\/PXL_20260829_145721294-1024x576.jpg\" alt=\"\" class=\"wp-image-839\" srcset=\"https:\/\/jacno04.fr\/wp-content\/uploads\/2026\/08\/PXL_20260829_145721294-1024x576.jpg 1024w, https:\/\/jacno04.fr\/wp-content\/uploads\/2026\/08\/PXL_20260829_145721294-300x169.jpg 300w, https:\/\/jacno04.fr\/wp-content\/uploads\/2026\/08\/PXL_20260829_145721294-768x432.jpg 768w, https:\/\/jacno04.fr\/wp-content\/uploads\/2026\/08\/PXL_20260829_145721294-1536x864.jpg 1536w, https:\/\/jacno04.fr\/wp-content\/uploads\/2026\/08\/PXL_20260829_145721294-2048x1152.jpg 2048w, https:\/\/jacno04.fr\/wp-content\/uploads\/2026\/08\/PXL_20260829_145721294-863x485.jpg 863w, https:\/\/jacno04.fr\/wp-content\/uploads\/2026\/08\/PXL_20260829_145721294-192x108.jpg 192w\" sizes=\"auto, (max-width: 1024px) 100vw, 1024px\" \/><\/figure>\n\n\n\n<p class=\"wp-block-paragraph\"><\/p>\n","protected":false},"excerpt":{"rendered":"<p>Mercredi 26 ao\u00fbt 2026 D&rsquo;apr\u00e8s Wikipedia : \u00ab\u00a0Rouyn-Noranda est le chef-lieu de la r\u00e9gion administrative de l&rsquo;Abitibi-T\u00e9miscamingue au nord-ouest du Qu\u00e9bec. Trajet d&rsquo;un peu plus de 9 heures avec 2 pauses d&rsquo;une demie heure. Pas de changement de chauffeur, c&rsquo;est la m\u00eame personne qui a conduit toute la journ\u00e9e. A Rouyn-Noranda, nous avons retrouv\u00e9 notre &hellip; <a href=\"https:\/\/jacno04.fr\/index.php\/2026\/08\/29\/rouyn-noranda\/\" class=\"more-link\">Continue reading <span class=\"screen-reader-text\">Rouyn-Noranda<\/span><\/a><\/p>\n","protected":false},"author":1,"featured_media":0,"comment_status":"closed","ping_status":"closed","sticky":false,"template":"","format":"standard","meta":{"footnotes":""},"categories":[10],"tags":[],"class_list":["post-802","post","type-post","status-publish","format-standard","hentry","category-canada-2026"],"_links":{"self":[{"href":"https:\/\/jacno04.fr\/index.php\/wp-json\/wp\/v2\/posts\/802","targetHints":{"allow":["GET"]}}],"collection":[{"href":"https:\/\/jacno04.fr\/index.php\/wp-json\/wp\/v2\/posts"}],"about":[{"href":"https:\/\/jacno04.fr\/index.php\/wp-json\/wp\/v2\/types\/post"}],"author":[{"embeddable":true,"href":"https:\/\/jacno04.fr\/index.php\/wp-json\/wp\/v2\/users\/1"}],"replies":[{"embeddable":true,"href":"https:\/\/jacno04.fr\/index.php\/wp-json\/wp\/v2\/comments?post=802"}],"version-history":[{"count":4,"href":"https:\/\/jacno04.fr\/index.php\/wp-json\/wp\/v2\/posts\/802\/revisions"}],"predecessor-version":[{"id":841,"href":"https:\/\/jacno04.fr\/index.php\/wp-json\/wp\/v2\/posts\/802\/revisions\/841"}],"wp:attachment":[{"href":"https:\/\/jacno04.fr\/index.php\/wp-json\/wp\/v2\/media?parent=802"}],"wp:term":[{"taxonomy":"category","embeddable":true,"href":"https:\/\/jacno04.fr\/index.php\/wp-json\/wp\/v2\/categories?post=802"},{"taxonomy":"post_tag","embeddable":true,"href":"https:\/\/jacno04.fr\/index.php\/wp-json\/wp\/v2\/tags?post=802"}],"curies":[{"name":"wp","href":"https:\/\/api.w.org\/{rel}","templated":true}]}}